{"id":1350,"date":"2024-06-16T16:14:09","date_gmt":"2024-06-16T16:14:09","guid":{"rendered":"https:\/\/federalists.eu\/belgium\/?p=1350"},"modified":"2025-06-25T08:48:42","modified_gmt":"2025-06-25T08:48:42","slug":"the-general-assembly-of-uef-be-was-held-in-person-this-saturday-june-8-2024-at-the-press-club-brussels-europe","status":"publish","type":"post","link":"https:\/\/federalists.eu\/belgium\/the-general-assembly-of-uef-be-was-held-in-person-this-saturday-june-8-2024-at-the-press-club-brussels-europe\/","title":{"rendered":"General Assembly of UEF Belgium"},"content":{"rendered":"\n<figure class=\"wp-block-image size-large is-style-rounded\"><img loading=\"lazy\" decoding=\"async\" width=\"1024\" height=\"790\" src=\"https:\/\/federalists.eu\/belgium\/wp-content\/uploads\/sites\/9\/2024\/06\/LAssemblee-Generale-de-lUEF.be-samedi-8-juin-2024-au-Press-Club-Brussels-Europe-1024x790.jpg\" alt=\"From left to right: Christian De Bruyne (Tr\u00e9sorier), Michele Ciavarini Azzi (Pr\u00e9sident), Domenico Rossetti di Valdalbero (Secr\u00e9taire G\u00e9n\u00e9ral), Lucian Alexandru Onisei (Administrateur D\u00e9l\u00e9gu\u00e9)\" class=\"wp-image-1351\" srcset=\"https:\/\/federalists.eu\/belgium\/wp-content\/uploads\/sites\/9\/2024\/06\/LAssemblee-Generale-de-lUEF.be-samedi-8-juin-2024-au-Press-Club-Brussels-Europe-1024x790.jpg 1024w, https:\/\/federalists.eu\/belgium\/wp-content\/uploads\/sites\/9\/2024\/06\/LAssemblee-Generale-de-lUEF.be-samedi-8-juin-2024-au-Press-Club-Brussels-Europe-300x232.jpg 300w, https:\/\/federalists.eu\/belgium\/wp-content\/uploads\/sites\/9\/2024\/06\/LAssemblee-Generale-de-lUEF.be-samedi-8-juin-2024-au-Press-Club-Brussels-Europe-768x593.jpg 768w, https:\/\/federalists.eu\/belgium\/wp-content\/uploads\/sites\/9\/2024\/06\/LAssemblee-Generale-de-lUEF.be-samedi-8-juin-2024-au-Press-Club-Brussels-Europe.jpg 1175w\" sizes=\"auto, (max-width: 1024px) 100vw, 1024px\" \/><figcaption class=\"wp-element-caption\">From left to right: Christian De Bruyne (Treasurer), Michele Ciavarini Azzi (President), Domenico Rossetti di Valdalbero (Secretary-General), Lucian Alexandru Onisei (Executive Director)<\/figcaption><\/figure>\n\n\n\n<p>After approving the accounts for 2023, elected the new board of directors and reporting on the activities of the ASBL, we were able to listen to and discuss with Minister of State and former Member of the European Parliament G\u00e9rard Deprez.<\/p>\n\n\n\n<p>Introduction by G. Deprez suggested that it should not be a war of nominalism and stamping on \u2018European federalism\u2019. What is important is the procedures and mechanisms that make it possible to move towards European federalism, a direction which is essential in order to avoid a blockage in Europe.<\/p>\n\n\n\n<p>He then noted the EU\u2019s external environment which was unpredictable and dangerous (cf. Russia\u2019s war in Ukraine and the situation in the Middle East). This also has internal consequences, including Fake News and interference by third countries that aim to destabilise the European Union.<\/p>\n\n\n\n<figure class=\"wp-block-image size-large is-style-rounded\"><img loading=\"lazy\" decoding=\"async\" width=\"1024\" height=\"768\" src=\"https:\/\/federalists.eu\/belgium\/wp-content\/uploads\/sites\/9\/2024\/06\/4-LAssemblee-Generale-de-lUEF.be-samedi-8-juin-2024-au-Press-Club-Brussels-Europe-1024x768.jpg\" alt=\"- UEF\" class=\"wp-image-1354\" style=\"aspect-ratio:16\/9;object-fit:cover\" srcset=\"https:\/\/federalists.eu\/belgium\/wp-content\/uploads\/sites\/9\/2024\/06\/4-LAssemblee-Generale-de-lUEF.be-samedi-8-juin-2024-au-Press-Club-Brussels-Europe-1024x768.jpg 1024w, https:\/\/federalists.eu\/belgium\/wp-content\/uploads\/sites\/9\/2024\/06\/4-LAssemblee-Generale-de-lUEF.be-samedi-8-juin-2024-au-Press-Club-Brussels-Europe-300x225.jpg 300w, https:\/\/federalists.eu\/belgium\/wp-content\/uploads\/sites\/9\/2024\/06\/4-LAssemblee-Generale-de-lUEF.be-samedi-8-juin-2024-au-Press-Club-Brussels-Europe-768x576.jpg 768w, https:\/\/federalists.eu\/belgium\/wp-content\/uploads\/sites\/9\/2024\/06\/4-LAssemblee-Generale-de-lUEF.be-samedi-8-juin-2024-au-Press-Club-Brussels-Europe-1536x1152.jpg 1536w, https:\/\/federalists.eu\/belgium\/wp-content\/uploads\/sites\/9\/2024\/06\/4-LAssemblee-Generale-de-lUEF.be-samedi-8-juin-2024-au-Press-Club-Brussels-Europe.jpg 1600w\" sizes=\"auto, (max-width: 1024px) 100vw, 1024px\" \/><\/figure>\n\n\n\n<p>G\u00e9rard Deprez then referred to the other major risks to the EU:<\/p>\n\n\n\n<p>The EU\u2019s economic withdrawal from the US and China;<br>The energy transition, which must be made acceptable, in particular for the farming community and part of the precarious working class;<br>The rise of the far right in several countries including France (almost 40 %), Germany, Italy, the Netherlands and Flanders;<br>The reality of immigration and enlargement with a delicate corollary of the acceptance of Ukraine and\/or T\u00fcrkiye in the EU;<br>Physical attacks on political staff (see Slovakia, Denmark and elsewhere).<\/p>\n\n\n\n<p>G. Deprez suggested two avenues for action towards European federalism:<\/p>\n\n\n\n<p>First of all, we must end with the unanimity that paralyses integration. Why, like the \u2018special powers\u2019 existing in Belgium, do not allow the European executive (the Commission) to take measures in the event of an emergency (see pandemic) for a specified period adopted by qualified majority?<\/p>\n\n\n\n<p>Secondly, as enlargement will take place (attention to those who want to exacerbate frustrations linked to the slowness of accession), European federalists must fight for own resources. We must return to the original legitimacy of the Treaties, but using modern tools: share of VAT, carbon tax, financial transaction tax, European borrowing, common corporate tax base (CCCTB), etc.<\/p>\n\n\n\n<p>Finally, G. Deprez stressed the need for European strategic autonomy in the areas of health, defence and energy.<\/p>\n\n\n\n<p>The members of the UEF.be then spoke, questioned and discussed with G. Deprez on the rule of law in the EU (see Hungarian Presidency), on the role of migrants for the European economy, on the democratic legitimacy of the Commission, and on the democratic role and impact of social media.<\/p>\n\n\n\n<figure class=\"wp-block-gallery has-nested-images columns-default is-cropped wp-block-gallery-1 is-layout-flex wp-block-gallery-is-layout-flex\">\n<figure data-wp-context=\"{&quot;imageId&quot;:&quot;69f7313e332d1&quot;}\" data-wp-interactive=\"core\/image\" data-wp-key=\"69f7313e332d1\" class=\"wp-block-image size-medium is-style-default wp-lightbox-container\"><img loading=\"lazy\" decoding=\"async\" width=\"300\" height=\"225\" data-wp-class--hide=\"state.isContentHidden\" data-wp-class--show=\"state.isContentVisible\" data-wp-init=\"callbacks.setButtonStyles\" data-wp-on--click=\"actions.showLightbox\" data-wp-on--load=\"callbacks.setButtonStyles\" data-wp-on-window--resize=\"callbacks.setButtonStyles\" data-id=\"1358\" src=\"https:\/\/federalists.eu\/belgium\/wp-content\/uploads\/sites\/9\/2024\/06\/3-LAssemblee-Generale-de-lUEF.be-samedi-8-juin-2024-au-Press-Club-Brussels-Europe-300x225.jpg\" alt=\"- UEF\" class=\"wp-image-1358\" srcset=\"https:\/\/federalists.eu\/belgium\/wp-content\/uploads\/sites\/9\/2024\/06\/3-LAssemblee-Generale-de-lUEF.be-samedi-8-juin-2024-au-Press-Club-Brussels-Europe-300x225.jpg 300w, https:\/\/federalists.eu\/belgium\/wp-content\/uploads\/sites\/9\/2024\/06\/3-LAssemblee-Generale-de-lUEF.be-samedi-8-juin-2024-au-Press-Club-Brussels-Europe.jpg 320w\" sizes=\"auto, (max-width: 300px) 100vw, 300px\" \/><button\n\t\t\tclass=\"lightbox-trigger\"\n\t\t\ttype=\"button\"\n\t\t\taria-haspopup=\"dialog\"\n\t\t\taria-label=\"Enlarge\"\n\t\t\tdata-wp-init=\"callbacks.initTriggerButton\"\n\t\t\tdata-wp-on--click=\"actions.showLightbox\"\n\t\t\tdata-wp-style--right=\"state.imageButtonRight\"\n\t\t\tdata-wp-style--top=\"state.imageButtonTop\"\n\t\t>\n\t\t\t<svg xmlns=\"http:\/\/www.w3.org\/2000\/svg\" width=\"12\" height=\"12\" fill=\"none\" viewBox=\"0 0 12 12\">\n\t\t\t\t<path fill=\"#fff\" d=\"M2 0a2 2 0 0 0-2 2v2h1.5V2a.5.5 0 0 1 .5-.5h2V0H2Zm2 10.5H2a.5.5 0 0 1-.5-.5V8H0v2a2 2 0 0 0 2 2h2v-1.5ZM8 12v-1.5h2a.5.5 0 0 0 .5-.5V8H12v2a2 2 0 0 1-2 2H8Zm2-12a2 2 0 0 1 2 2v2h-1.5V2a.5.5 0 0 0-.5-.5H8V0h2Z\" \/>\n\t\t\t<\/svg>\n\t\t<\/button><\/figure>\n\n\n\n<figure data-wp-context=\"{&quot;imageId&quot;:&quot;69f7313e33a31&quot;}\" data-wp-interactive=\"core\/image\" data-wp-key=\"69f7313e33a31\" class=\"wp-block-image size-medium wp-lightbox-container\"><img loading=\"lazy\" decoding=\"async\" width=\"300\" height=\"269\" data-wp-class--hide=\"state.isContentHidden\" data-wp-class--show=\"state.isContentVisible\" data-wp-init=\"callbacks.setButtonStyles\" data-wp-on--click=\"actions.showLightbox\" data-wp-on--load=\"callbacks.setButtonStyles\" data-wp-on-window--resize=\"callbacks.setButtonStyles\" data-id=\"1359\" src=\"https:\/\/federalists.eu\/belgium\/wp-content\/uploads\/sites\/9\/2024\/06\/6-LAssemblee-Generale-de-lUEF.be-samedi-8-juin-2024-au-Press-Club-Brussels-Europe-300x269.jpg\" alt=\"- UEF\" class=\"wp-image-1359\" srcset=\"https:\/\/federalists.eu\/belgium\/wp-content\/uploads\/sites\/9\/2024\/06\/6-LAssemblee-Generale-de-lUEF.be-samedi-8-juin-2024-au-Press-Club-Brussels-Europe-300x269.jpg 300w, https:\/\/federalists.eu\/belgium\/wp-content\/uploads\/sites\/9\/2024\/06\/6-LAssemblee-Generale-de-lUEF.be-samedi-8-juin-2024-au-Press-Club-Brussels-Europe-768x688.jpg 768w, https:\/\/federalists.eu\/belgium\/wp-content\/uploads\/sites\/9\/2024\/06\/6-LAssemblee-Generale-de-lUEF.be-samedi-8-juin-2024-au-Press-Club-Brussels-Europe.jpg 968w\" sizes=\"auto, (max-width: 300px) 100vw, 300px\" \/><button\n\t\t\tclass=\"lightbox-trigger\"\n\t\t\ttype=\"button\"\n\t\t\taria-haspopup=\"dialog\"\n\t\t\taria-label=\"Enlarge\"\n\t\t\tdata-wp-init=\"callbacks.initTriggerButton\"\n\t\t\tdata-wp-on--click=\"actions.showLightbox\"\n\t\t\tdata-wp-style--right=\"state.imageButtonRight\"\n\t\t\tdata-wp-style--top=\"state.imageButtonTop\"\n\t\t>\n\t\t\t<svg xmlns=\"http:\/\/www.w3.org\/2000\/svg\" width=\"12\" height=\"12\" fill=\"none\" viewBox=\"0 0 12 12\">\n\t\t\t\t<path fill=\"#fff\" d=\"M2 0a2 2 0 0 0-2 2v2h1.5V2a.5.5 0 0 1 .5-.5h2V0H2Zm2 10.5H2a.5.5 0 0 1-.5-.5V8H0v2a2 2 0 0 0 2 2h2v-1.5ZM8 12v-1.5h2a.5.5 0 0 0 .5-.5V8H12v2a2 2 0 0 1-2 2H8Zm2-12a2 2 0 0 1 2 2v2h-1.5V2a.5.5 0 0 0-.5-.5H8V0h2Z\" \/>\n\t\t\t<\/svg>\n\t\t<\/button><\/figure>\n<\/figure>\n","protected":false},"excerpt":{"rendered":"<p>After approving the accounts for 2023, elected the new board of directors and reporting on the activities of the ASBL, we were able to listen to and discuss with Minister of State and former Member of the European Parliament G\u00e9rard Deprez. Introduction by G. Deprez suggested that it should not be a war of nominalism [&hellip;]<\/p>\n","protected":false},"author":9,"featured_media":1356,"comment_status":"closed","ping_status":"open","sticky":false,"template":"","format":"standard","meta":{"_acf_changed":false,"footnotes":""},"categories":[1],"tags":[],"network-partner":[],"subject":[65,67,39],"news_type":[16],"event-year":[152],"class_list":["post-1350","post","type-post","status-publish","format-standard","has-post-thumbnail","hentry","category-other","subject-belgium","subject-uef","subject-uef-sections","news_type-news-comment","event-year-152"],"acf":[],"_links":{"self":[{"href":"https:\/\/federalists.eu\/belgium\/wp-json\/wp\/v2\/posts\/1350","targetHints":{"allow":["GET"]}}],"collection":[{"href":"https:\/\/federalists.eu\/belgium\/wp-json\/wp\/v2\/posts"}],"about":[{"href":"https:\/\/federalists.eu\/belgium\/wp-json\/wp\/v2\/types\/post"}],"author":[{"embeddable":true,"href":"https:\/\/federalists.eu\/belgium\/wp-json\/wp\/v2\/users\/9"}],"replies":[{"embeddable":true,"href":"https:\/\/federalists.eu\/belgium\/wp-json\/wp\/v2\/comments?post=1350"}],"version-history":[{"count":7,"href":"https:\/\/federalists.eu\/belgium\/wp-json\/wp\/v2\/posts\/1350\/revisions"}],"predecessor-version":[{"id":1385,"href":"https:\/\/federalists.eu\/belgium\/wp-json\/wp\/v2\/posts\/1350\/revisions\/1385"}],"wp:featuredmedia":[{"embeddable":true,"href":"https:\/\/federalists.eu\/belgium\/wp-json\/wp\/v2\/media\/1356"}],"wp:attachment":[{"href":"https:\/\/federalists.eu\/belgium\/wp-json\/wp\/v2\/media?parent=1350"}],"wp:term":[{"taxonomy":"category","embeddable":true,"href":"https:\/\/federalists.eu\/belgium\/wp-json\/wp\/v2\/categories?post=1350"},{"taxonomy":"post_tag","embeddable":true,"href":"https:\/\/federalists.eu\/belgium\/wp-json\/wp\/v2\/tags?post=1350"},{"taxonomy":"network-partner","embeddable":true,"href":"https:\/\/federalists.eu\/belgium\/wp-json\/wp\/v2\/network-partner?post=1350"},{"taxonomy":"subject","embeddable":true,"href":"https:\/\/federalists.eu\/belgium\/wp-json\/wp\/v2\/subject?post=1350"},{"taxonomy":"news_type","embeddable":true,"href":"https:\/\/federalists.eu\/belgium\/wp-json\/wp\/v2\/news_type?post=1350"},{"taxonomy":"event-year","embeddable":true,"href":"https:\/\/federalists.eu\/belgium\/wp-json\/wp\/v2\/event-year?post=1350"}],"curies":[{"name":"wp","href":"https:\/\/api.w.org\/{rel}","templated":true}]}}